[{"@context":"https:\/\/schema.org\/","@type":"Article","@id":"https:\/\/www.drevostavbysittek.cz\/co-je-pro-nase-telo-dulezite\/#Article","mainEntityOfPage":"https:\/\/www.drevostavbysittek.cz\/co-je-pro-nase-telo-dulezite\/","headline":"Co je pro na\u0161e t\u011blo d\u016fle\u017eit\u00e9?","name":"Co je pro na\u0161e t\u011blo d\u016fle\u017eit\u00e9?","description":"Kdo by necht\u011bl vypadat dob\u0159e i ve vy\u0161\u0161\u00edm v\u011bku? St\u00e1rnut\u00ed je nevyhnuteln\u00fd proces, kter\u00fd se na n\u00e1s za\u010d\u00edn\u00e1 projevovat u\u017e okolo t\u0159ic\u00e1t\u00e9ho roku v\u011bku, kdy za\u010d\u00edn\u00e1me na obli\u010deji objevovat prvn\u00ed vr\u00e1sky. Velice \u010dast\u00fd je jejich v\u00fdskyt okolo o\u010d\u00ed, proto\u017ee pr\u00e1v\u011b v t\u011bchto m\u00edstech je poko\u017eka jemn\u00e1, a t\u00edm i n\u00e1chyln\u011bj\u0161\u00ed k jejich tvorb\u011b. Nej\u010dast\u011bj\u0161\u00edm probl\u00e9mem [&hellip;]","datePublished":"2024-05-27","dateModified":"2024-05-27","author":{"@type":"Person","@id":"https:\/\/www.drevostavbysittek.cz\/author\/devene\/#Person","name":"devene","url":"https:\/\/www.drevostavbysittek.cz\/author\/devene\/","identifier":1,"image":{"@type":"ImageObject","@id":"https:\/\/secure.gravatar.com\/avatar\/1bbb35219ad819cefa53fdc5515b24173b84f885da520bcb5e2dcb96444d797b?s=96&d=mm&r=g","url":"https:\/\/secure.gravatar.com\/avatar\/1bbb35219ad819cefa53fdc5515b24173b84f885da520bcb5e2dcb96444d797b?s=96&d=mm&r=g","height":96,"width":96}},"publisher":{"@type":"Organization","name":"drevostavbysittek.cz","logo":{"@type":"ImageObject","@id":"\/logo.png","url":"\/logo.png","width":600,"height":60}},"image":{"@type":"ImageObject","@id":"https:\/\/www.drevostavbysittek.cz\/wp-content\/uploads\/pexels-correxiko-collagen-6475114_10_10_10_10_10_8.jpg","url":"https:\/\/www.drevostavbysittek.cz\/wp-content\/uploads\/pexels-correxiko-collagen-6475114_10_10_10_10_10_8.jpg","height":0,"width":0},"url":"https:\/\/www.drevostavbysittek.cz\/co-je-pro-nase-telo-dulezite\/","about":["Produkty"],"wordCount":444,"articleBody":"   Kdo by necht\u011bl vypadat dob\u0159e i ve vy\u0161\u0161\u00edm v\u011bku? St\u00e1rnut\u00ed je nevyhnuteln\u00fd proces, kter\u00fd se na n\u00e1s za\u010d\u00edn\u00e1 projevovat u\u017e okolo t\u0159ic\u00e1t\u00e9ho roku v\u011bku, kdy za\u010d\u00edn\u00e1me na obli\u010deji objevovat prvn\u00ed vr\u00e1sky. Velice \u010dast\u00fd je jejich v\u00fdskyt okolo o\u010d\u00ed, proto\u017ee pr\u00e1v\u011b v t\u011bchto m\u00edstech je poko\u017eka jemn\u00e1, a t\u00edm i n\u00e1chyln\u011bj\u0161\u00ed k jejich tvorb\u011b. Nej\u010dast\u011bj\u0161\u00edm probl\u00e9mem jsou p\u0159i st\u00e1rnut\u00ed pr\u00e1v\u011b vr\u00e1sky, kter\u00e9 b\u00fdvaj\u00ed hlavn\u011b na \u010dele hodn\u011b hlubok\u00e9. Vyhnout se jim je mo\u017en\u00e9 \u017eivotospr\u00e1vou a kvalitn\u00ed kosmetikou. St\u011b\u017eejn\u00ed je pr\u00e1v\u011b \u017eivotospr\u00e1va, proto\u017ee to co j\u00edme a pijeme se odr\u00e1\u017e\u00ed na na\u0161em vzhledu.\u010clov\u011bk kter\u00fd si d\u00e1v\u00e1 pozor na to co j\u00ed a pije samoz\u0159ejm\u011b zest\u00e1rne tak\u00e9, a vr\u00e1sky bude m\u00edt i on. Jen\u017ee jde o to, kdy se mu za\u010dnou d\u011blat, a klik jich bude m\u00edt. Sv\u016fj pod\u00edl na nich m\u00e1 i genetika, kterou nijak obej\u00edt nejde. M\u016f\u017eete ale sv\u00e9mu t\u011blu pomoct proti vr\u00e1sk\u00e1m bojovat. V na\u0161em t\u011ble je toti\u017e obsa\u017een\u00fd nativn\u00ed kolagen, jeho\u017e hladina s p\u0159ib\u00fdvaj\u00edc\u00edm v\u011bkem neust\u00e1le kles\u00e1. A pr\u00e1v\u011b kolagen je l\u00e1tka, kter\u00e1 vyp\u00edn\u00e1 poko\u017eku a zamezuje vzniku vr\u00e1sek. Je logick\u00e9 \u017ee pokud ho m\u00e1te v t\u011ble m\u00e1lo, projev\u00ed se to pr\u00e1v\u011b vznikem vr\u00e1sek.Je d\u016fle\u017eit\u00e9 hodn\u011b p\u00edt Ka\u017ed\u00fd m\u00e1 optim\u00e1ln\u00ed hladinu pitn\u00e9ho re\u017eimu n\u011bkde jinde. Je d\u016fle\u017eit\u00e9 se \u0159\u00eddit t\u00edm co v\u00e1m d\u00e1v\u00e1 najevo va\u0161e t\u011blo. R\u016fzn\u00e9 pou\u010dky v \u010dasopisech a na internetu neberte v potaz, proto\u017ee ka\u017ed\u00e9 t\u011blo je jin\u00e9 a m\u00e1 jinou spot\u0159ebu vody. Pokud i v nejv\u011bt\u0161\u00edch vedrech vypijete jen dva litry, ani\u017e byste m\u011bli sucho v \u00fastech, \u017e\u00edze\u0148 a stavy na omdlen\u00ed, pak je to v po\u0159\u00e1dku. Pro\u010d je vlastn\u011b pitn\u00fd re\u017eim d\u016fle\u017eit\u00fd? Proto\u017ee pr\u00e1v\u011b na vodu se v\u00e1\u017ee kolagen.Mnoho lid\u00ed se v souvislosti s propagac\u00ed kolagenu v ned\u00e1vn\u00e9 dob\u011b rozhodlo, \u017ee ho budou u\u017e\u00edvat. D\u00e1 se toti\u017e koupit v mnoha form\u00e1ch, a tak si ka\u017ed\u00fd m\u016f\u017ee vybrat co mu bude vyhovovat. Dopl\u0148ov\u00e1n\u00ed kolagenu je ur\u010dit\u011b na m\u00edst\u011b, pokud chcete vypadat mlad\u0161\u00ed a m\u00edt i zdrav\u00e9 klouby, ve kter\u00fdch je kolagen tak\u00e9 obsa\u017een\u00fd.                                                                                                                                                                                                                                                                                                                                                                                          3.9\/5 - (10 votes)        "},{"@context":"https:\/\/schema.org\/","@type":"BreadcrumbList","itemListElement":[{"@type":"ListItem","position":1,"name":"Co je pro na\u0161e t\u011blo d\u016fle\u017eit\u00e9?","item":"https:\/\/www.drevostavbysittek.cz\/co-je-pro-nase-telo-dulezite\/#breadcrumbitem"}]}]